{"id":9962,"date":"2017-01-13T16:43:17","date_gmt":"2017-01-13T20:43:17","guid":{"rendered":"http:\/\/hets.org\/?p=9962"},"modified":"2017-01-13T16:43:17","modified_gmt":"2017-01-13T20:43:17","slug":"cambio-mi-vida","status":"publish","type":"post","link":"https:\/\/hets.org\/newdesign\/cambio-mi-vida\/","title":{"rendered":"Cambi\u00f3 mi vida"},"content":{"rendered":"<p style=\"text-align: justify\"><a href=\"http:\/\/hets.org\/ana-del-rosario\/anitadelrosariorev\/\" rel=\"attachment wp-att-9122\"><img loading=\"lazy\" decoding=\"async\" class=\"alignleft wp-image-9122 size-thumbnail\" src=\"https:\/\/hets.org\/wp-content\/uploads\/2016\/05\/AnitaDelRosarioREV-187x140.jpg\" alt=\"AnitaDelRosarioREV\" width=\"187\" height=\"140\" \/><\/a>Ana Del Rosario Mart\u00ednez, ex alumna de la Universidad Interamericana de Puerto Rico, Recinto Metropolitano, nos cuenta su experiencia como l\u00edder estudiantil y miembro del Comit\u00e9 Asesor de Estudiantes de HETS:<\/p>\n<figure id=\"attachment_9964\" aria-describedby=\"caption-attachment-9964\" style=\"width: 400px\" class=\"wp-caption alignright\"><a href=\"http:\/\/hets.org\/cambio-mi-vida\/dsc_3534\/\" rel=\"attachment wp-att-9964\"><img loading=\"lazy\" decoding=\"async\" class=\"wp-image-9964 size-medium\" src=\"https:\/\/hets.org\/wp-content\/uploads\/2017\/01\/DSC_3534-400x267.jpg\" alt=\"DSC_3534\" width=\"400\" height=\"267\" \/><\/a><figcaption id=\"caption-attachment-9964\" class=\"wp-caption-text\">Anita durante su participaci\u00f3n en el panel de estudiantes l\u00edderes durante el HETS Student Leadership Showcase en la UIPR, Recinto Metro.<\/figcaption><\/figure>\n<p style=\"text-align: center\"><strong>Cambi\u00f3 mi vida<\/strong><\/p>\n<p style=\"text-align: justify\">Mi deseo siempre era, dentro de mi vida universitaria a nivel del bachillerato que son los a\u00f1os m\u00e1s m\u00e1gicos y \u00fanicos que no vuelven, poder contar con una experiencia de intercambio o internado fuera de Puerto Rico. Como joven audaz y extrovertida siempre he buscado explotar mis oportunidades para alcanzar los objetivos y metas. Observando como mis amistades disfrutaban de sus viajes estudiantiles y a m\u00ed se me acaban los a\u00f1os en el bachillerato, no me di por vencida para yo tambi\u00e9n tener la experiencia. El verano antes, de mi \u00faltimo y tan esperado a\u00f1o de graduaci\u00f3n, se me present\u00f3 la oportunidad de tomar dos cursos gracias a mi concentraci\u00f3n menor en sociolog\u00eda. \u00a1Por fin llego mi boleto dorado! En menos de un mes logr\u00e9 cumplir con todos los requisitos, entregar documentos y montarme en un vuelo de 19 horas hasta la Universidad de John Cabot en el coraz\u00f3n de la ciudad de Roma en Italia.<\/p>\n<figure id=\"attachment_9963\" aria-describedby=\"caption-attachment-9963\" style=\"width: 400px\" class=\"wp-caption alignright\"><a href=\"http:\/\/hets.org\/cambio-mi-vida\/anitadelrosrio-roma2016\/\" rel=\"attachment wp-att-9963\"><img loading=\"lazy\" decoding=\"async\" class=\"wp-image-9963 size-medium\" src=\"https:\/\/hets.org\/wp-content\/uploads\/2017\/01\/anitadelrosrio-roma2016-400x226.jpg\" alt=\"anitadelrosrio roma2016\" width=\"400\" height=\"226\" \/><\/a><figcaption id=\"caption-attachment-9963\" class=\"wp-caption-text\">Anita junto a su grupo de Navegaci\u00f3n 101 en el Coliseo Romano.<\/figcaption><\/figure>\n<p style=\"text-align: justify\">Existen cientos de programas que ayudan al estudiante a desarrollarse al m\u00e1ximo a nivel profesional, acad\u00e9mico y personal; cualquier experiencia de internado cubre los tres niveles.\u00a0 Mis clases fueron Tr\u00e1fico Humano y la Esclavitud Contempor\u00e1nea e Italiano B\u00e1sico I. Estar en Roma \u00a1WOW!, vali\u00f3 la pena esperar.\u00a0 Pensar en todos los monumentos y el tiempo para explorar la ciudad. Tambi\u00e9n pensaba en que el idioma y la comida ser\u00eda diferente y posiblemente hasta el m\u00e9todo de ense\u00f1anza.\u00a0 Como l\u00edder sab\u00eda que enfrentar\u00eda retos y estos se convertir\u00edan en experiencias. Gracias a mi experiencia previa con 7 organizaciones estudiantiles en la Universidad, 2 organizaciones de servicio y una familia numerosa, esto fue otro reto aceptado y superado.<\/p>\n<p style=\"text-align: justify\">Tuve menos de un mes para prepararme emocional y psicol\u00f3gicamente para el viaje que en otros art\u00edculos llamo \u201ccambi\u00f3 mi vida\u201d. Hasta el d\u00eda antes fue que internalic\u00e9 que estar\u00eda alejada de mi pa\u00eds por 5 semanas. Desde el momento que tom\u00e9 el segundo avi\u00f3n puse en pr\u00e1ctica todos mis conocimientos y habilidades para que la experiencia fuera plena. Reflexion\u00e9 en cada minuto de mis vuelos y descubr\u00ed otro anhelo. Mi emoci\u00f3n era tanta que viaj\u00e9 2 d\u00edas antes de que comenzaran las clases y fui la primera en registrarme; quer\u00eda conocer todo de primera instancia.\u00a0 Era la \u00fanica estudiante puertorrique\u00f1a y de habla hispana entre 172 estudiantes internacionales tomando los cursos de verano.\u00a0 Tambi\u00e9n estoy m\u00e1s que agradecida con el programa de \u201cRosetta Stone\u201d que en Roma me ayud\u00f3 a poder fluir con los italianos y en mi clase.<\/p>\n<p style=\"text-align: justify\">Al regresar a Puerto Rico ya nada lo ve\u00eda igual.\u00a0 Fueron muchos los cambios positivos que observ\u00e9 y que puedo hacer para ayudar a mi pa\u00eds y a mis j\u00f3venes. Adem\u00e1s me gustaba sentir la vibra en los pasillos de la universidad de los estudiantes que se enteraron de lo que hac\u00eda en Roma y me preguntaban como ellos pod\u00edan lograrlo.\u00a0 Tanto es as\u00ed que este a\u00f1o 2 amigas van a viajar a Brasil; estudiantes que nunca han tenido la oportunidad de viajar en avi\u00f3n.\u00a0 No somos perfectos, pero dentro de esas imperfecciones vale la pena ver e imitar lo genial.<\/p>\n<p>Como profesional de la conducta humana y agente de cambio, te vuelves sensible ante las crisis que hay en tu pa\u00eds porque de igual forma est\u00e1n all\u00e1 afuera. Ese debe ser el verdadero reto profesional, como contribuyes aqu\u00ed y que se refleje afuera. Es cuesti\u00f3n de escribir las metas, leerlas todos los d\u00edas y contribuir poco a poco a su alcance. Nunca sabemos que joven o ni\u00f1o nos mira como inspiraci\u00f3n o ejemplo a seguir.\u00a0 Yo solo quiero tener siempre en mi vida una historia que contar.<\/p>\n<p style=\"text-align: justify\">De igual forma me pas\u00f3 con HETS al poder ser miembro del Comit\u00e9 Asesor Estudiantil desde sus inicios. Particip\u00e9 en 2 actividades de liderazgo y personal de HETS me hizo el acercamiento para formar parte del comit\u00e9. Mis \u00faltimos dos a\u00f1os ellos han sido un apoyo fuerte con sus herramientas tecnol\u00f3gicas en mi pr\u00e1ctica como trabajadora social escolar en la b\u00fasqueda de los repasos para los ex\u00e1menes del College Board, LSAT, MCAT, NCLEX entre otros. Adem\u00e1s ser experta en dar talleres del \u201cTesting and Education Reference Center\u201d y el \u201cCareer Transitions\u201d para los ex\u00e1menes graduados y revalidas. Adem\u00e1s, soy la portavoz de los programas de intercambios y becas a los estudiantes de la Universidad Interamericana, Recinto Metropolitano. Gracias a HETS he visitado cuatro universidades llevando los servicios y brindando los talleres en el \u201cStudent Services Tour\u201d. En especial, el <em>networking<\/em> que se hace es buen\u00edsimo. Los invito a que se unan al Comit\u00e9 Asesor de HETS y vean como su \u00e1rea profesional va a mejorar.<\/p>\n<p><span style=\"text-indent: 20px;width: auto;padding: 0px 4px 0px 0px;text-align: center;font: bold 11px\/20px 'Helvetica Neue',Helvetica,sans-serif;color: #ffffff;background: #bd081c no-repeat scroll 3px 50% \/ 14px 14px;cursor: pointer\">Save<\/span><\/p>\n<p><span style=\"text-indent: 20px;width: auto;padding: 0px 4px 0px 0px;text-align: center;font: bold 11px\/20px 'Helvetica Neue',Helvetica,sans-serif;color: #ffffff;background: #bd081c  no-repeat scroll 3px 50% \/ 14px 14px;cursor: pointer\">Save<\/span><\/p>\n","protected":false},"excerpt":{"rendered":"<p>Ana Del Rosario Mart\u00ednez, ex alumna de la Universidad Interamericana de Puerto Rico, Recinto Metropolitano, nos cuenta su experiencia como l\u00edder estudiantil y miembro del Comit\u00e9 Asesor de Estudiantes de HETS: Cambi\u00f3 mi vida Mi deseo siempre era, dentro de mi vida universitaria a nivel del bachillerato que son los a\u00f1os m\u00e1s m\u00e1gicos y \u00fanicos [&hellip;]<\/p>\n","protected":false},"author":18,"featured_media":9964,"comment_status":"closed","ping_status":"closed","sticky":false,"template":"","format":"standard","meta":{"_genesis_hide_title":false,"_genesis_hide_breadcrumbs":false,"_genesis_hide_singular_image":false,"_genesis_hide_footer_widgets":false,"_genesis_custom_body_class":"","_genesis_custom_post_class":"","_genesis_layout":"","ngg_post_thumbnail":0,"pgc_sgb_lightbox_settings":"","footnotes":""},"categories":[30,28],"tags":[],"class_list":{"0":"post-9962","1":"post","2":"type-post","3":"status-publish","4":"format-standard","5":"has-post-thumbnail","7":"category-hets-news","8":"category-whats-new","9":"entry"},"featured_image_src":null,"featured_image_src_square":null,"author_info":{"display_name":"rcontreras","author_link":"https:\/\/hets.org\/newdesign\/author\/rcontreras\/"},"_links":{"self":[{"href":"https:\/\/hets.org\/newdesign\/wp-json\/wp\/v2\/posts\/9962","targetHints":{"allow":["GET"]}}],"collection":[{"href":"https:\/\/hets.org\/newdesign\/wp-json\/wp\/v2\/posts"}],"about":[{"href":"https:\/\/hets.org\/newdesign\/wp-json\/wp\/v2\/types\/post"}],"author":[{"embeddable":true,"href":"https:\/\/hets.org\/newdesign\/wp-json\/wp\/v2\/users\/18"}],"replies":[{"embeddable":true,"href":"https:\/\/hets.org\/newdesign\/wp-json\/wp\/v2\/comments?post=9962"}],"version-history":[{"count":0,"href":"https:\/\/hets.org\/newdesign\/wp-json\/wp\/v2\/posts\/9962\/revisions"}],"wp:featuredmedia":[{"embeddable":true,"href":"https:\/\/hets.org\/newdesign\/wp-json\/"}],"wp:attachment":[{"href":"https:\/\/hets.org\/newdesign\/wp-json\/wp\/v2\/media?parent=9962"}],"wp:term":[{"taxonomy":"category","embeddable":true,"href":"https:\/\/hets.org\/newdesign\/wp-json\/wp\/v2\/categories?post=9962"},{"taxonomy":"post_tag","embeddable":true,"href":"https:\/\/hets.org\/newdesign\/wp-json\/wp\/v2\/tags?post=9962"}],"curies":[{"name":"wp","href":"https:\/\/api.w.org\/{rel}","templated":true}]}}