{"id":6714,"date":"2015-01-26T14:35:07","date_gmt":"2015-01-26T14:35:07","guid":{"rendered":"http:\/\/hets.org\/?p=6714"},"modified":"2015-01-26T14:35:07","modified_gmt":"2015-01-26T14:35:07","slug":"hets-anuncia-nuevas-fechas-de-sus-talleres-individuales-en-linea-conducentes-a-creditos-de-educacion-continua","status":"publish","type":"post","link":"https:\/\/hets.org\/newdesign\/hets-anuncia-nuevas-fechas-de-sus-talleres-individuales-en-linea-conducentes-a-creditos-de-educacion-continua\/","title":{"rendered":"HETS anuncia nuevas fechas de sus Talleres Individuales en L\u00ednea conducentes a cr\u00e9ditos de Educaci\u00f3n Continua."},"content":{"rendered":"<p style=\"text-align: justify\"><img loading=\"lazy\" decoding=\"async\" class=\"alignleft  wp-image-3757\" src=\"http:\/\/hets.org\/wp-content\/uploads\/2011\/11\/FotoAML-espanol1-300x102.jpg\" alt=\"FotoAML-espanol\" width=\"265\" height=\"90\" \/>HETS ha desarrollado <strong>cuatro nuevos talleres individuales<\/strong> con <strong>cr\u00e9ditos en Educaci\u00f3n Continua<\/strong>. Cada taller tiene disponible una secci\u00f3n totalmente en l\u00ednea para trabajarlo seg\u00fan su disponibilidad, con al menos una sesi\u00f3n sincr\u00f3nica durante el taller. Al finalizar cada taller, los participantes que lo completen satisfactoriamente, obtendr\u00e1n una <strong>certificaci\u00f3n equivalente a 2.0 cr\u00e9ditos de Educaci\u00f3n Continua<\/strong>, avalada por la Escuela de Educaci\u00f3n Continua de la Universidad del Turabo, del Sistema Universitario Ana G. M\u00e9ndez. A continuaci\u00f3n las fechas de los nuevos talleres individuales para este semestre acad\u00e9mico:<!--more--><\/p>\n<ul>\n<li>Taller individual: <strong>Mejores Pr\u00e1cticas en Trabajos Colaborativos en el Aprendizaje en L\u00ednea: Foros de Discusi\u00f3n y Trabajos en Equipos Virtuales<\/strong>.<\/li>\n<\/ul>\n<p>Recurso: Dr. Antonio De las Casas, UIPR<br \/>\nPlataforma: <em>Blackboard 9.1<br \/>\n<\/em>Duraci\u00f3n: <b>26 de enero al 20 de febrero de 2015<br \/>\n<\/b><\/p>\n<p>&nbsp;<\/p>\n<ul>\n<li>Taller individual: <span style=\"font-weight: bold\">Competencias Digitales e Informacionales con los Nativos Digitales<\/span><\/li>\n<\/ul>\n<p>Recurso: Prof. Pur\u00edsima Centeno, UPR<br \/>\nPlataforma: <span style=\"font-style: italic\">Blackboard 9.1<br \/>\n<\/span>Duraci\u00f3n: <strong>23 de febrero al 20 de marzo de 2015<\/strong><\/p>\n<p>&nbsp;<\/p>\n<ul>\n<li>Taller individual: <strong>Mejores Pr\u00e1cticas para la Retenci\u00f3n en L\u00ednea<\/strong><\/li>\n<\/ul>\n<p>Recurso: Prof. Ana Milena Lucumi, NUC<br \/>\nPlataforma: <span style=\"font-style: italic\"><span style=\"font-style: italic\">Blackboard 9.1<br \/>\n<\/span><\/span>Duraci\u00f3n: <strong>23 de marzo al 17 de abril de 2015<\/strong><b><\/b><\/p>\n<p>&nbsp;<\/p>\n<ul>\n<li>Taller individual: <strong>Mejores Pr\u00e1cticas de Aplicaciones Educativas Web 2.0<\/strong><\/li>\n<\/ul>\n<p>Recurso: Dr. Antonio Vantaggiato, USC<br \/>\nPlataformas: <em>Moodle, Twitter, Evernote, Dropbox, WolframAlpha<br \/>\n<\/em>Duraci\u00f3n: <b>20 de abril al 15 de mayo de 2015<\/b><\/p>\n<p>Cada taller ser\u00e1 convalidado<span style=\"font-weight: bold\"> con 20 horas<\/span> y al terminar cada taller y aprobarlo satisfactoriamente obtendr\u00e1 un <span style=\"font-weight: bold\">total de 2.0 cr\u00e9ditos de Educaci\u00f3n Continua<\/span>. Cada participante tendr\u00e1 aproximadamente 4 semanas para completar las actividades seg\u00fan se requiere, lo cual le brinda el tiempo suficiente para aprender a su paso y conveniencia.<\/p>\n<p><span style=\"font-weight: bold\">REGISTRO:<\/span><\/p>\n<p>Los <span style=\"font-weight: bold\">espacios son limitados<\/span>. Puede registrarse y <span style=\"font-weight: bold\">reservar su espacio enviando un correo electr\u00f3nico a: <a href=\"mailto:info@hets.org\">info@hets.org<\/a> o llamando al 787-766-2600<\/span> x. 8910. Para informaci\u00f3n adicional, favor comunicarse a nuestras oficinas <span style=\"font-weight: bold\">787-766-2600<\/span> exts. 8910, 8911.<\/p>\n<p>&nbsp;<\/p>\n","protected":false},"excerpt":{"rendered":"<p>HETS ha desarrollado cuatro nuevos talleres individuales con cr\u00e9ditos en Educaci\u00f3n Continua. Cada taller tiene disponible una secci\u00f3n totalmente en l\u00ednea para trabajarlo seg\u00fan su disponibilidad, con al menos una sesi\u00f3n sincr\u00f3nica durante el taller. Al finalizar cada taller, los participantes que lo completen satisfactoriamente, obtendr\u00e1n una certificaci\u00f3n equivalente a 2.0 cr\u00e9ditos de Educaci\u00f3n Continua, [&hellip;]<\/p>\n","protected":false},"author":18,"featured_media":0,"comment_status":"closed","ping_status":"closed","sticky":false,"template":"","format":"standard","meta":{"_genesis_hide_title":false,"_genesis_hide_breadcrumbs":false,"_genesis_hide_singular_image":false,"_genesis_hide_footer_widgets":false,"_genesis_custom_body_class":"","_genesis_custom_post_class":"","_genesis_layout":"","ngg_post_thumbnail":0,"pgc_sgb_lightbox_settings":"","footnotes":""},"categories":[30,28],"tags":[],"class_list":{"0":"post-6714","1":"post","2":"type-post","3":"status-publish","4":"format-standard","6":"category-hets-news","7":"category-whats-new","8":"entry"},"featured_image_src":null,"featured_image_src_square":null,"author_info":{"display_name":"rcontreras","author_link":"https:\/\/hets.org\/newdesign\/author\/rcontreras\/"},"_links":{"self":[{"href":"https:\/\/hets.org\/newdesign\/wp-json\/wp\/v2\/posts\/6714","targetHints":{"allow":["GET"]}}],"collection":[{"href":"https:\/\/hets.org\/newdesign\/wp-json\/wp\/v2\/posts"}],"about":[{"href":"https:\/\/hets.org\/newdesign\/wp-json\/wp\/v2\/types\/post"}],"author":[{"embeddable":true,"href":"https:\/\/hets.org\/newdesign\/wp-json\/wp\/v2\/users\/18"}],"replies":[{"embeddable":true,"href":"https:\/\/hets.org\/newdesign\/wp-json\/wp\/v2\/comments?post=6714"}],"version-history":[{"count":0,"href":"https:\/\/hets.org\/newdesign\/wp-json\/wp\/v2\/posts\/6714\/revisions"}],"wp:attachment":[{"href":"https:\/\/hets.org\/newdesign\/wp-json\/wp\/v2\/media?parent=6714"}],"wp:term":[{"taxonomy":"category","embeddable":true,"href":"https:\/\/hets.org\/newdesign\/wp-json\/wp\/v2\/categories?post=6714"},{"taxonomy":"post_tag","embeddable":true,"href":"https:\/\/hets.org\/newdesign\/wp-json\/wp\/v2\/tags?post=6714"}],"curies":[{"name":"wp","href":"https:\/\/api.w.org\/{rel}","templated":true}]}}