{"id":5125,"date":"2013-09-06T09:54:42","date_gmt":"2013-09-06T13:54:42","guid":{"rendered":"http:\/\/hets.org\/wp\/?page_id=5125"},"modified":"2013-09-06T09:54:42","modified_gmt":"2013-09-06T13:54:42","slug":"casa-abierta-facultad-de-derecho-de-la-universidad-interamericaca-de-puerto-rico","status":"publish","type":"post","link":"https:\/\/hets.org\/newdesign\/casa-abierta-facultad-de-derecho-de-la-universidad-interamericaca-de-puerto-rico\/","title":{"rendered":"Casa abierta Facultad de Derecho de la Universidad Interamericaca de Puerto Rico"},"content":{"rendered":"<p style=\"text-align: justify\"><a href=\"\/wp-content\/uploads\/2013\/09\/FacultadderechoUIPR.jpg\"><img loading=\"lazy\" decoding=\"async\" class=\"alignleft size-medium wp-image-5131\" style=\"margin-left: 5px;margin-right: 5px\" title=\"FacultadderechoUIPR\" alt=\"\" src=\"\/wp-content\/uploads\/2013\/09\/FacultadderechoUIPR-300x111.jpg\" width=\"300\" height=\"111\" \/><\/a>La <strong>Facultad de Derecho de la Universidad Interamericana de Puerto Rico<\/strong> llevar\u00e1 a cabo su tradicional <strong>CASA ABIERTA <\/strong>el s\u00e1bado,<strong> 21 de septiembre de 2013 de 10:00 AM a 12:30 M<\/strong>.\u00a0 La actividad se celebrar\u00e1 en la sede de la Facultad de Derecho, en la <strong>Calle Federico Costas N\u00fam. 170 en Hato Rey<\/strong> (cerca de Plaza Las Am\u00e9ricas, entrando por la Calle Calaf).<\/p>\n<p style=\"text-align: justify\">La Facultad de Derecho de la Universidad Interamericana de Puerto Rico es una instituci\u00f3n educativa de excelencia que cuenta con m\u00e1s de 50 a\u00f1os dedicados a la ense\u00f1anza del Derecho.\u00a0 Se distingue, entre otros m\u00e9ritos, por un ambiente muy propicio para el estudio, cordiales relaciones interpersonales entre profesores y alumnos, estructuras f\u00edsicas que invitan al aprendizaje, un Centro de Acceso a la Informaci\u00f3n con la m\u00e1s avanzada tecnolog\u00eda, un cuerpo estudiantil de impresionantes credenciales, un programa de experiencias internacionales variado, un magnifico personal de apoyo comprometido con nuestra misi\u00f3n educativa y un profesorado compuesto por distinguidos juristas, cuya excelencia pedag\u00f3gica, publicaciones, preparaci\u00f3n acad\u00e9mica, experiencia profesional y compromiso social, contribuyen a garantizar que los estudiantes obtengan una s\u00f3lida formaci\u00f3n jur\u00eddica.<\/p>\n<p style=\"text-align: justify\">La <strong>Casa Abierta<\/strong> est\u00e1 dirigida a estudiantes de maestr\u00edas, bachilleratos y a otros profesionales con inter\u00e9s de continuar estudios graduados. En la Casa Abierta, los asistentes podr\u00e1n compartir con estudiantes, profesores y ex alumnos de la Facultad, y conocer de primera mano las fortalezas de la educaci\u00f3n jur\u00eddica en esta Facultad de Derecho, as\u00ed como el agradable ambiente de estudios y confraternizaci\u00f3n acad\u00e9mica que le caracteriza.\u00a0\u00a0 Adem\u00e1s, se ofrecer\u00e1 informaci\u00f3n sobre<strong>, la preparaci\u00f3n para los estudios de Derecho, los requisitos de admisi\u00f3n, el programa de estudios, su programa de apoyo acad\u00e9mico, las aportaciones acad\u00e9micas y sociales de sus estudiantes y profesores, las ayudas econ\u00f3micas disponibles, los servicios estudiantiles, la variedad de organizaciones estudiantiles, y los programas internacionales y de movilidad estudiantil, entre otros. <\/strong><\/p>\n<p style=\"text-align: justify\">La CASA ABIERTA\u00a0 es una excelente oportunidad para conocer esta Facultad de Derecho y <del datetime=\"2013-08-30T12:42\"><\/del>tomar la decisi\u00f3n de estudiar Derecho en Puerto Rico. Para m\u00e1s informaci\u00f3n sobre este evento puede comunicarse con \u00c1ngela Torres al tel\u00e9fono: 787 751 1912 Ext. 2056 o v\u00eda correo electr\u00f3nico: <a title=\"atorres@juris.inter.edu\" href=\"mailto:atorres@juris.inter.edu\">atorres@juris.inter.edu<\/a>.<\/p>\n<p style=\"text-align: justify\">By: HETS<\/p>\n<p>&nbsp;<\/p>\n","protected":false},"excerpt":{"rendered":"<p>La Facultad de Derecho de la Universidad Interamericana de Puerto Rico llevar\u00e1 a cabo su tradicional CASA ABIERTA el s\u00e1bado, 21 de septiembre de 2013 de 10:00 AM a 12:30 M.\u00a0 La actividad se celebrar\u00e1 en la sede de la Facultad de Derecho, en la Calle Federico Costas N\u00fam. 170 en Hato Rey (cerca de [&hellip;]<\/p>\n","protected":false},"author":18,"featured_media":0,"comment_status":"closed","ping_status":"open","sticky":false,"template":"","format":"standard","meta":{"_genesis_hide_title":false,"_genesis_hide_breadcrumbs":false,"_genesis_hide_singular_image":false,"_genesis_hide_footer_widgets":false,"_genesis_custom_body_class":"","_genesis_custom_post_class":"","_genesis_layout":"","ngg_post_thumbnail":0,"pgc_sgb_lightbox_settings":"","footnotes":""},"categories":[30,15],"tags":[],"class_list":{"0":"post-5125","1":"post","2":"type-post","3":"status-publish","4":"format-standard","6":"category-hets-news","7":"category-hets-updates-al-dia","8":"entry"},"featured_image_src":null,"featured_image_src_square":null,"author_info":{"display_name":"rcontreras","author_link":"https:\/\/hets.org\/newdesign\/author\/rcontreras\/"},"_links":{"self":[{"href":"https:\/\/hets.org\/newdesign\/wp-json\/wp\/v2\/posts\/5125","targetHints":{"allow":["GET"]}}],"collection":[{"href":"https:\/\/hets.org\/newdesign\/wp-json\/wp\/v2\/posts"}],"about":[{"href":"https:\/\/hets.org\/newdesign\/wp-json\/wp\/v2\/types\/post"}],"author":[{"embeddable":true,"href":"https:\/\/hets.org\/newdesign\/wp-json\/wp\/v2\/users\/18"}],"replies":[{"embeddable":true,"href":"https:\/\/hets.org\/newdesign\/wp-json\/wp\/v2\/comments?post=5125"}],"version-history":[{"count":0,"href":"https:\/\/hets.org\/newdesign\/wp-json\/wp\/v2\/posts\/5125\/revisions"}],"wp:attachment":[{"href":"https:\/\/hets.org\/newdesign\/wp-json\/wp\/v2\/media?parent=5125"}],"wp:term":[{"taxonomy":"category","embeddable":true,"href":"https:\/\/hets.org\/newdesign\/wp-json\/wp\/v2\/categories?post=5125"},{"taxonomy":"post_tag","embeddable":true,"href":"https:\/\/hets.org\/newdesign\/wp-json\/wp\/v2\/tags?post=5125"}],"curies":[{"name":"wp","href":"https:\/\/api.w.org\/{rel}","templated":true}]}}