{"id":4534,"date":"2013-03-13T15:01:17","date_gmt":"2013-03-13T19:01:17","guid":{"rendered":"http:\/\/hets.org\/wp\/?page_id=4534"},"modified":"2013-03-13T15:01:17","modified_gmt":"2013-03-13T19:01:17","slug":"casa-abierta-facultad-de-derecho-de-la-universidad-interamericana-de-puerto-rico","status":"publish","type":"post","link":"https:\/\/hets.org\/newdesign\/casa-abierta-facultad-de-derecho-de-la-universidad-interamericana-de-puerto-rico\/","title":{"rendered":"Casa abierta Facultad de Derecho de la Universidad Interamericana de Puerto Rico"},"content":{"rendered":"<p style=\"text-align: justify\"><img loading=\"lazy\" decoding=\"async\" class=\"alignleft size-full wp-image-4535\" title=\"facultaddederechointer\" src=\"\/wp-content\/uploads\/2013\/03\/facultaddederechointer.png\" alt=\"\" width=\"455\" height=\"125\" \/>La Facultad de Derecho de la Universidad Interamericana de Puerto Rico llevar\u00e1 a cabo su tradicional CASA ABIERTA <strong>el s\u00e1bado, 6 de abril de 2013 a partir de las 10:00 de la ma\u00f1ana<\/strong>.\u00a0 La actividad se celebrar\u00e1 en la sede de la Facultad de Derecho, en la <strong>Calle Federico Costas N\u00fam. 170 en Hato Rey<\/strong> (cerca de Plaza Las Am\u00e9ricas, entrada por la Calle Calaf).<\/p>\n<p style=\"text-align: justify\">La Facultad de Derecho de la Universidad Interamericana de Puerto Rico es una instituci\u00f3n educativa de excelencia que cuenta con m\u00e1s de 50 a\u00f1os dedicados a la ense\u00f1anza del Derecho.\u00a0 Se distingue, entre otros m\u00e9ritos, por un ambiente muy propicio para el estudio, cordiales relaciones interpersonales entre profesores y alumnos, unas estructuras f\u00edsicas que invitan al aprendizaje, un Centro de Acceso a la Informaci\u00f3n con la m\u00e1s avanzada tecnolog\u00eda, un cuerpo estudiantil de impresionantes credenciales, un magnifico personal de apoyo comprometido con nuestra misi\u00f3n educativa y un profesorado compuesto por distinguidos juristas, cuya excelencia pedag\u00f3gica, publicaciones, preparaci\u00f3n acad\u00e9mica, experiencia profesional y compromiso social, contribuyen a garantizar que los estudiantes obtengan una s\u00f3lida formaci\u00f3n jur\u00eddica.<\/p>\n<p style=\"text-align: justify\">La <strong>Casa Abierta<\/strong> est\u00e1 dirigida a estudiantes de maestr\u00edas y bachilleratos y a otros profesionales con inter\u00e9s de continuar estudios graduados. En la Casa Abierta, los asistentes podr\u00e1n compartir con estudiantes, profesores y ex alumnos de la Facultad y conocer de primera mano las fortalezas de la educaci\u00f3n jur\u00eddica en esta Facultad de Derecho, as\u00ed como el agradable ambiente de estudios y confraternizaci\u00f3n acad\u00e9mica que le caracteriza.\u00a0\u00a0 Adem\u00e1s, se ofrecer\u00e1 informaci\u00f3n sobre<strong>, la preparaci\u00f3n para los estudios de Derecho, los requisitos de admisi\u00f3n, el programa de estudios, las aportaciones acad\u00e9micas y sociales de sus estudiantes y profesores, las ayudas econ\u00f3micas disponibles, los servicios estudiantiles, la variedad de organizaciones estudiantiles, y los programas internacionales y de movilidad estudiantil, entre otros. <\/strong><\/p>\n<p style=\"text-align: justify\">La CASA ABIERTA\u00a0 es una excelente oportunidad para conocer esta Facultad de Derecho y para tomar la decisi\u00f3n de estudiar Derecho en Puerto Rico.<\/p>\n<p style=\"text-align: justify\">Para m\u00e1s informaci\u00f3n sobre este este evento contactar a: Angela Torres, tel\u00e9fono: 787 751 1912 Ext. 2056 o via correo electr\u00f3nico: <a href=\"mailto:atorres@juris.inter.edu\">atorres@juris.inter.edu<\/a>.<\/p>\n","protected":false},"excerpt":{"rendered":"<p>La Facultad de Derecho de la Universidad Interamericana de Puerto Rico llevar\u00e1 a cabo su tradicional CASA ABIERTA el s\u00e1bado, 6 de abril de 2013 a partir de las 10:00 de la ma\u00f1ana.\u00a0 La actividad se celebrar\u00e1 en la sede de la Facultad de Derecho, en la Calle Federico Costas N\u00fam. 170 en Hato Rey [&hellip;]<\/p>\n","protected":false},"author":18,"featured_media":0,"comment_status":"closed","ping_status":"open","sticky":false,"template":"","format":"standard","meta":{"_genesis_hide_title":false,"_genesis_hide_breadcrumbs":false,"_genesis_hide_singular_image":false,"_genesis_hide_footer_widgets":false,"_genesis_custom_body_class":"","_genesis_custom_post_class":"","_genesis_layout":"","ngg_post_thumbnail":0,"pgc_sgb_lightbox_settings":"","footnotes":""},"categories":[30],"tags":[],"class_list":{"0":"post-4534","1":"post","2":"type-post","3":"status-publish","4":"format-standard","6":"category-hets-news","7":"entry"},"featured_image_src":null,"featured_image_src_square":null,"author_info":{"display_name":"rcontreras","author_link":"https:\/\/hets.org\/newdesign\/author\/rcontreras\/"},"_links":{"self":[{"href":"https:\/\/hets.org\/newdesign\/wp-json\/wp\/v2\/posts\/4534","targetHints":{"allow":["GET"]}}],"collection":[{"href":"https:\/\/hets.org\/newdesign\/wp-json\/wp\/v2\/posts"}],"about":[{"href":"https:\/\/hets.org\/newdesign\/wp-json\/wp\/v2\/types\/post"}],"author":[{"embeddable":true,"href":"https:\/\/hets.org\/newdesign\/wp-json\/wp\/v2\/users\/18"}],"replies":[{"embeddable":true,"href":"https:\/\/hets.org\/newdesign\/wp-json\/wp\/v2\/comments?post=4534"}],"version-history":[{"count":0,"href":"https:\/\/hets.org\/newdesign\/wp-json\/wp\/v2\/posts\/4534\/revisions"}],"wp:attachment":[{"href":"https:\/\/hets.org\/newdesign\/wp-json\/wp\/v2\/media?parent=4534"}],"wp:term":[{"taxonomy":"category","embeddable":true,"href":"https:\/\/hets.org\/newdesign\/wp-json\/wp\/v2\/categories?post=4534"},{"taxonomy":"post_tag","embeddable":true,"href":"https:\/\/hets.org\/newdesign\/wp-json\/wp\/v2\/tags?post=4534"}],"curies":[{"name":"wp","href":"https:\/\/api.w.org\/{rel}","templated":true}]}}