{"id":10263,"date":"2017-02-14T11:13:50","date_gmt":"2017-02-14T15:13:50","guid":{"rendered":"http:\/\/hets.org\/?p=10263"},"modified":"2017-02-14T11:13:50","modified_gmt":"2017-02-14T15:13:50","slug":"hets-celebra-otro-evento-para-conocer-los-recursos-expertos-que-ofrecen-sus-talleres-en-linea","status":"publish","type":"post","link":"https:\/\/hets.org\/newdesign\/hets-celebra-otro-evento-para-conocer-los-recursos-expertos-que-ofrecen-sus-talleres-en-linea\/","title":{"rendered":"HETS celebra otro evento para conocer los recursos expertos que ofrecen sus talleres en l\u00ednea."},"content":{"rendered":"<figure id=\"attachment_10267\" aria-describedby=\"caption-attachment-10267\" style=\"width: 258px\" class=\"wp-caption alignleft\"><a href=\"http:\/\/hets.org\/hets-celebra-otro-evento-para-conocer-los-recursos-expertos-que-ofrecen-sus-talleres-en-linea\/rosa-ojeda-2\/\" rel=\"attachment wp-att-10267\"><img loading=\"lazy\" decoding=\"async\" class=\"wp-image-10267\" src=\"https:\/\/hets.org\/wp-content\/uploads\/2017\/02\/Rosa-Ojeda-373x280.jpg\" alt=\"Rosa Ojeda\" width=\"258\" height=\"194\" \/><\/a><figcaption id=\"caption-attachment-10267\" class=\"wp-caption-text\">Dra. Rosa Ojeda<\/figcaption><\/figure>\n<p style=\"text-align: justify\">El pasado viernes, 3 de febrero de 2017, HETS celebr\u00f3 el evento <em>Conoce a nuestros recursos expertos<\/em> en las facilidades de la Oficina Central del Sistema UIPR. El objetivo principal de este evento fue compartir con los recursos expertos que ofrecer\u00e1n sus talleres durante este semestre. Adem\u00e1s, \u00a0la Dra. Rosa Ojeda, Coordinadora de Programas y Servicios a la Facultad de HETS, present\u00f3 los resultados de dos cuestionarios, uno sobre preferencias de temas para desarrollar nuevos talleres y el otro sobre el nuevo servicio de <em>HETS Commons<\/em>.<\/p>\n<figure id=\"attachment_10266\" aria-describedby=\"caption-attachment-10266\" style=\"width: 184px\" class=\"wp-caption alignright\"><a href=\"http:\/\/hets.org\/hets-celebra-otro-evento-para-conocer-los-recursos-expertos-que-ofrecen-sus-talleres-en-linea\/pura-centeno-2\/\" rel=\"attachment wp-att-10266\"><img loading=\"lazy\" decoding=\"async\" class=\"wp-image-10266 \" src=\"https:\/\/hets.org\/wp-content\/uploads\/2017\/02\/Pura-Centeno-220x280.jpg\" alt=\"Pura Centeno\" width=\"184\" height=\"234\" \/><\/a><figcaption id=\"caption-attachment-10266\" class=\"wp-caption-text\">Profa. Pur\u00edsima Centeno<\/figcaption><\/figure>\n<p style=\"text-align: justify\">El evento comenz\u00f3 con la bienvenida por parte de Yubelkys Montalvo, Directora Ejecutiva de HETS (<a href=\"https:\/\/www.youtube.com\/watch?v=q6Z07HP4Rsw\" target=\"_blank\" rel=\"noopener noreferrer\">ver video aqu\u00ed<\/a>) quien present\u00f3 al primer recurso, la Profa. Pur\u00edsima Centeno. La Profa. Centeno present\u00f3 el <strong>taller -seminario pr\u00e1ctico<\/strong> <strong>Competencias Digitales e Informacionales con los Nativos Digitales <\/strong>\u00a0el cual permitir\u00e1 a los participantes a distancia reconocer las necesidades y estilos de aprendizaje de los nativos digitales, el plagio y estrategias para detectarlo as\u00ed c\u00f3mo el rol que juegan los dispositivos m\u00f3viles en el acceso a servicios en l\u00ednea. Este taller est\u00e1 pautado para comenzar el <strong>20 de febrero y se extender\u00e1 hasta el 17 de marzo <\/strong>de 2017. Hacer <strong><a href=\"https:\/\/www.youtube.com\/watch?v=EILluRym4S0\" target=\"_blank\" rel=\"noopener noreferrer\">click aqu\u00ed<\/a><\/strong> para ver <strong>el video de esta presentaci\u00f3n. <\/strong><\/p>\n<p style=\"text-align: justify\">El evento contin\u00fao con la presentaci\u00f3n de la Dra. Rosa Ojeda, nueva adici\u00f3n al equipo de HETS. La Dra. Ojeda present\u00f3 los resultados del cuestionario enviado a la facultad y administradores de las instituciones miembros de HETS que identific\u00f3 las preferencias para desarrollar nuevos talleres de capacitaci\u00f3n. Adem\u00e1s, present\u00f3 los resultados del cuestio<\/p>\n<figure id=\"attachment_10268\" aria-describedby=\"caption-attachment-10268\" style=\"width: 238px\" class=\"wp-caption alignright\"><a href=\"http:\/\/hets.org\/hets-celebra-otro-evento-para-conocer-los-recursos-expertos-que-ofrecen-sus-talleres-en-linea\/yubelkysmontalvoyrosa-ojeda\/\" rel=\"attachment wp-att-10268\"><img loading=\"lazy\" decoding=\"async\" class=\"wp-image-10268 \" src=\"https:\/\/hets.org\/wp-content\/uploads\/2017\/02\/YubelkysMontalvoyRosa-Ojeda-187x140.jpg\" alt=\"YubelkysMontalvoyRosa Ojeda\" width=\"238\" height=\"178\" \/><\/a><figcaption id=\"caption-attachment-10268\" class=\"wp-caption-text\">Yuybelkys Montalvo, Directora Ejecutiva de HETS\u00a0 y Dra. Ojeda.<\/figcaption><\/figure>\n<p style=\"text-align: justify\">nario para identificar las necesidades e intereses de la facultad y administradores para habilitar un espacio en l\u00ednea donde se pueda compartir experiencias, colaborar y crear grupos de discusi\u00f3n, entre otros recursos.\u00a0 Para conocer m\u00e1s sobre los hallazgos que present\u00f3 la Dra. Ojeda hacer <strong><a href=\"https:\/\/www.youtube.com\/watch?v=k8JwNyd7h_E&amp;t=5s\" target=\"_blank\" rel=\"noopener noreferrer\">click aqu\u00ed<\/a><\/strong> para ver <strong>el video.<\/strong><\/p>\n<figure id=\"attachment_10264\" aria-describedby=\"caption-attachment-10264\" style=\"width: 296px\" class=\"wp-caption alignleft\"><a href=\"http:\/\/hets.org\/hets-celebra-otro-evento-para-conocer-los-recursos-expertos-que-ofrecen-sus-talleres-en-linea\/antoniodelascasas1\/\" rel=\"attachment wp-att-10264\"><img loading=\"lazy\" decoding=\"async\" class=\"wp-image-10264\" src=\"https:\/\/hets.org\/wp-content\/uploads\/2017\/02\/AntonioDelasCasas1-400x220.jpg\" alt=\"AntonioDelasCasas1\" width=\"296\" height=\"163\" \/><\/a><figcaption id=\"caption-attachment-10264\" class=\"wp-caption-text\">Dr. Antonio De las Casas<\/figcaption><\/figure>\n<p style=\"text-align: justify\">Luego de un breve receso, el Dr. Antonio De las Casas, recurso que imparte el taller en l\u00ednea <strong>Mejores Pr\u00e1cticas en Trabajos Colaborativos en el Aprendizaje en L\u00ednea: Foros de Discusi\u00f3n y Trabajos en Equipos Virtuales<\/strong> procedi\u00f3 con su presentaci\u00f3n. Este taller en l\u00ednea est\u00e1 compuesto por <strong>dos m\u00f3dulos, foros de discusi\u00f3n y trabajos en equipos virtuales<\/strong>. Para ello utilizar\u00e1n las herramientas tecnol\u00f3gicas de la plataforma de <em>BbLearn<\/em> y participar\u00e1n en la co-evaluaci\u00f3n de los trabajos introduciendo criterios de evaluaci\u00f3n, tanto individuales como de equipo. Este taller estar\u00e1 disponible a partir del <strong>27 de marzo hasta el 21 de abril de 2017.<\/strong> Hacer <strong><a href=\"https:\/\/www.youtube.com\/watch?v=JGEYrrQaZ_c\" target=\"_blank\" rel=\"noopener noreferrer\">click aqu\u00ed<\/a><\/strong> para ver <strong>el video de esta presentaci\u00f3n. <\/strong>Ambos talleres se acceder\u00e1n desde la plataforma <em>Blackboard <\/em>de HETS.<\/p>\n<p style=\"text-align: justify\"><strong>Todos los talleres individuales<\/strong> en l\u00ednea <strong>de<\/strong> <strong>HETS incluyen<\/strong>: sesiones sincr\u00f3nicas y asincr\u00f3nicas, conocimiento sobre las mejores pr\u00e1cticas e innovaci\u00f3n tecnol\u00f3gica en la educaci\u00f3n superior y ayuda personalizada de un experto en el tema. Cada taller se convalida con 20 horas y al terminar satisfactoriamente cada uno, el <strong>participante obtendr\u00e1 un total de 2.0 cr\u00e9ditos<\/strong> de <strong>Educaci\u00f3n Continua<\/strong> por cada taller aprobado. Cada participante tendr\u00e1 aproximadamente <strong>4 semanas para completar las actividades<\/strong> seg\u00fan se requiere, lo cual le brinda el tiempo suficiente <strong>para aprender a su paso y conveniencia<\/strong>. Para <strong>m\u00e1s informaci\u00f3n<\/strong> sobre los talleres en l\u00ednea de HETS puede visitar: <a href=\"http:\/\/hets.org\/our-services\/professional-development-events\/online-workshops\/\">http:\/\/hets.org\/our-services\/professional-development-events\/online-workshops\/<\/a>. A\u00fan tenemos <strong>espacios disponibles<\/strong>! Para <strong>registrarse <\/strong>en nuestros talleres, <strong>favor comunicarse<\/strong> a nuestra oficina al 787-250-1912 extensiones 2372, 2373 o enviar un mensaje a: <a href=\"mailto:info@hets.org\">info@hets.org<\/a>.<\/p>\n<p><span style=\"text-indent: 20px;width: auto;padding: 0px 4px 0px 0px;text-align: center;font: bold 11px\/20px 'Helvetica Neue',Helvetica,sans-serif;color: #ffffff;background: #bd081c no-repeat scroll 3px 50% \/ 14px 14px;cursor: pointer\">Save<\/span><\/p>\n<p><span style=\"text-indent: 20px;width: auto;padding: 0px 4px 0px 0px;text-align: center;font: bold 11px\/20px 'Helvetica Neue',Helvetica,sans-serif;color: #ffffff;background: #bd081c no-repeat scroll 3px 50% \/ 14px 14px;cursor: pointer\">Save<\/span><\/p>\n<p><span style=\"text-indent: 20px;width: auto;padding: 0px 4px 0px 0px;text-align: center;font: bold 11px\/20px 'Helvetica Neue',Helvetica,sans-serif;color: #ffffff;background: #bd081c no-repeat scroll 3px 50% \/ 14px 14px;cursor: pointer\">Save<\/span><\/p>\n<p><span style=\"text-indent: 20px;width: auto;padding: 0px 4px 0px 0px;text-align: center;font: bold 11px\/20px 'Helvetica Neue',Helvetica,sans-serif;color: #ffffff;background: #bd081c no-repeat scroll 3px 50% \/ 14px 14px;cursor: pointer\">Save<\/span><\/p>\n<p><span style=\"text-indent: 20px;width: auto;padding: 0px 4px 0px 0px;text-align: center;font: bold 11px\/20px 'Helvetica Neue',Helvetica,sans-serif;color: #ffffff;background: #bd081c  no-repeat scroll 3px 50% \/ 14px 14px;cursor: pointer\">Save<\/span><\/p>\n","protected":false},"excerpt":{"rendered":"<p>El pasado viernes, 3 de febrero de 2017, HETS celebr\u00f3 el evento Conoce a nuestros recursos expertos en las facilidades de la Oficina Central del Sistema UIPR. El objetivo principal de este evento fue compartir con los recursos expertos que ofrecer\u00e1n sus talleres durante este semestre. Adem\u00e1s, \u00a0la Dra. Rosa Ojeda, Coordinadora de Programas y [&hellip;]<\/p>\n","protected":false},"author":18,"featured_media":10264,"comment_status":"closed","ping_status":"closed","sticky":false,"template":"","format":"standard","meta":{"_genesis_hide_title":false,"_genesis_hide_breadcrumbs":false,"_genesis_hide_singular_image":false,"_genesis_hide_footer_widgets":false,"_genesis_custom_body_class":"","_genesis_custom_post_class":"","_genesis_layout":"","ngg_post_thumbnail":0,"pgc_sgb_lightbox_settings":"","footnotes":""},"categories":[30,28],"tags":[],"class_list":{"0":"post-10263","1":"post","2":"type-post","3":"status-publish","4":"format-standard","5":"has-post-thumbnail","7":"category-hets-news","8":"category-whats-new","9":"entry"},"featured_image_src":null,"featured_image_src_square":null,"author_info":{"display_name":"rcontreras","author_link":"https:\/\/hets.org\/newdesign\/author\/rcontreras\/"},"_links":{"self":[{"href":"https:\/\/hets.org\/newdesign\/wp-json\/wp\/v2\/posts\/10263","targetHints":{"allow":["GET"]}}],"collection":[{"href":"https:\/\/hets.org\/newdesign\/wp-json\/wp\/v2\/posts"}],"about":[{"href":"https:\/\/hets.org\/newdesign\/wp-json\/wp\/v2\/types\/post"}],"author":[{"embeddable":true,"href":"https:\/\/hets.org\/newdesign\/wp-json\/wp\/v2\/users\/18"}],"replies":[{"embeddable":true,"href":"https:\/\/hets.org\/newdesign\/wp-json\/wp\/v2\/comments?post=10263"}],"version-history":[{"count":0,"href":"https:\/\/hets.org\/newdesign\/wp-json\/wp\/v2\/posts\/10263\/revisions"}],"wp:featuredmedia":[{"embeddable":true,"href":"https:\/\/hets.org\/newdesign\/wp-json\/"}],"wp:attachment":[{"href":"https:\/\/hets.org\/newdesign\/wp-json\/wp\/v2\/media?parent=10263"}],"wp:term":[{"taxonomy":"category","embeddable":true,"href":"https:\/\/hets.org\/newdesign\/wp-json\/wp\/v2\/categories?post=10263"},{"taxonomy":"post_tag","embeddable":true,"href":"https:\/\/hets.org\/newdesign\/wp-json\/wp\/v2\/tags?post=10263"}],"curies":[{"name":"wp","href":"https:\/\/api.w.org\/{rel}","templated":true}]}}